{"id":1617,"date":"2020-12-23T18:16:16","date_gmt":"2020-12-23T17:16:16","guid":{"rendered":"https:\/\/stefan.webfactory0711.de\/?p=1617"},"modified":"2022-10-04T10:12:57","modified_gmt":"2022-10-04T08:12:57","slug":"christmas-2020-am-i-healthy","status":"publish","type":"post","link":"https:\/\/www.stefan-schuetz-coaching.de\/en\/christmas-2020-am-i-healthy\/","title":{"rendered":"Christmas 2020: Am I healthy?"},"content":{"rendered":"<div class=\"wpb-content-wrapper\"><p>[vc_row full_width=&#8221;stretch_row&#8221;][vc_column][vc_column_text]<\/p>\n<h3>Dear friends, acquaintances and business partners,<\/h3>\n<p>in view of the comprehensive lockdown in which our country once again finds itself, we will spend an unusual Christmas, and New Year&#8217;s Eve will also find it very difficult to earn its name this time.<\/p>\n<p>Before the festive season, I would like to leave you with a question that has not played much of a role in the &#8220;Corona crisis&#8221; so far:<\/p>\n<h3>What is health?<\/h3>\n<p>The WHO definition is: &#8220;Health is a state of comprehensive physical, mental and social well-being and not merely freedom from disease and debility.&#8221;<\/p>\n<p>By this definition, hardly any of us are healthy. Everyone has periods of unwellness and no one is free from physical, mental or social deficits. So health must be something else.<\/p>\n<p>Now comes the good news: most of us know what a healthy state is. It happens when we don&#8217;t think about health!<\/p>\n<p>As a child, like most of my generation, I spent my free time playing outdoors with friends. Every day we had adventures. Of course, we also hurt each other, got angry and argued, but health was hardly ever the issue. We almost all know this &#8220;paradisiacal&#8221; state &#8211; it is a central aspect of health!<\/p>\n<p>So it is essential that we take charge of our lives and not worry about illness or death for a certain period of time. That is why modern societies are structured in such a way that everyone can pursue their hobbies and interests. We celebrate parties, enjoy culture, go on holiday or go to a restaurant for a nice evening out.<\/p>\n<p>It would now be na\u00efve to assume that we can maintain this state as a permanent condition. Instead, we need in our thinking the adult balance between life on the one hand and death on the other. The healthy state is the balance between these two poles.<\/p>\n<p>A society that is fixated daily only on reports of infections and deaths and thus emphasises fear as a permanent negative emotion has lost this balance.<\/p>\n<p>Especially in public, i.e. in the sphere in which we all move, the balance between the two poles of &#8220;life&#8221; and &#8220;death&#8221; must be maintained so that the majority of people are able to preserve their health &#8211; in the sense described above.<\/p>\n<p>Everyone can do their bit to ensure that we do not just remain on the negative side of the spectrum, because life is worth living!<\/p>\n<p>Don&#8217;t let yourself be pulled too much to one of the two sides! Because both poles have their right to exist and make us healthy people.<\/p>\n<p>In this spirit, I wish you all a Merry Christmas and a Happy New Year!<\/p>\n<p>Yours sincerely<\/p>\n<p>Stefan Sch\u00fctz[\/vc_column_text][\/vc_column][\/vc_row]<\/p>\n<\/div>","protected":false},"excerpt":{"rendered":"<p>Dear friends, acquaintances and business partners, in view of the comprehensive lockdown in which our country once again finds itself, we will spend an unusual Christmas, and New Year&#8217;s Eve will also find it very difficult &#8230;.<\/p>\n","protected":false},"author":2,"featured_media":925,"comment_status":"closed","ping_status":"closed","sticky":false,"template":"","format":"standard","meta":{"_acf_changed":false,"footnotes":""},"categories":[58],"tags":[],"acf":[],"yoast_head":"<!-- This site is optimized with the Yoast SEO plugin v24.1 - https:\/\/yoast.com\/wordpress\/plugins\/seo\/ -->\n<title>Christmas 2020: Am I healthy? | Stefan Sch\u00fctz<\/title>\n<meta name=\"robots\" content=\"index, follow, max-snippet:-1, max-image-preview:large, max-video-preview:-1\" \/>\n<link rel=\"canonical\" href=\"https:\/\/www.stefan-schuetz-coaching.de\/en\/christmas-2020-am-i-healthy\/\" \/>\n<meta property=\"og:locale\" content=\"en_US\" \/>\n<meta property=\"og:type\" content=\"article\" \/>\n<meta property=\"og:title\" content=\"Christmas 2020: Am I healthy? | Stefan Sch\u00fctz\" \/>\n<meta property=\"og:description\" content=\"Dear friends, acquaintances and business partners, in view of the comprehensive lockdown in which our country once again finds itself, we will spend an unusual Christmas, and New Year&#039;s Eve will also find it very difficult ....\" \/>\n<meta property=\"og:url\" content=\"https:\/\/www.stefan-schuetz-coaching.de\/en\/christmas-2020-am-i-healthy\/\" \/>\n<meta property=\"og:site_name\" content=\"Stefan Sch\u00fctz\" \/>\n<meta property=\"article:publisher\" content=\"https:\/\/www.facebook.com\/stefan.schutz.520\" \/>\n<meta property=\"article:author\" content=\"https:\/\/www.facebook.com\/stefan.schutz.520\" \/>\n<meta property=\"article:published_time\" content=\"2020-12-23T17:16:16+00:00\" \/>\n<meta property=\"article:modified_time\" content=\"2022-10-04T08:12:57+00:00\" \/>\n<meta property=\"og:image\" content=\"https:\/\/www.stefan-schuetz-coaching.de\/wp-content\/uploads\/2022\/08\/Blog_06.jpg\" \/>\n\t<meta property=\"og:image:width\" content=\"1400\" \/>\n\t<meta property=\"og:image:height\" content=\"900\" \/>\n\t<meta property=\"og:image:type\" content=\"image\/jpeg\" \/>\n<meta name=\"author\" content=\"Stefan Sch\u00fctz\" \/>\n<meta name=\"twitter:card\" content=\"summary_large_image\" \/>\n<meta name=\"twitter:label1\" content=\"Written by\" \/>\n\t<meta name=\"twitter:data1\" content=\"Stefan Sch\u00fctz\" \/>\n\t<meta name=\"twitter:label2\" content=\"Est. reading time\" \/>\n\t<meta name=\"twitter:data2\" content=\"3 minutes\" \/>\n<script type=\"application\/ld+json\" class=\"yoast-schema-graph\">{\"@context\":\"https:\/\/schema.org\",\"@graph\":[{\"@type\":\"WebPage\",\"@id\":\"https:\/\/www.stefan-schuetz-coaching.de\/en\/christmas-2020-am-i-healthy\/\",\"url\":\"https:\/\/www.stefan-schuetz-coaching.de\/en\/christmas-2020-am-i-healthy\/\",\"name\":\"Christmas 2020: Am I healthy? | Stefan Sch\u00fctz\",\"isPartOf\":{\"@id\":\"https:\/\/www.stefan-schuetz-coaching.de\/en\/#website\"},\"primaryImageOfPage\":{\"@id\":\"https:\/\/www.stefan-schuetz-coaching.de\/en\/christmas-2020-am-i-healthy\/#primaryimage\"},\"image\":{\"@id\":\"https:\/\/www.stefan-schuetz-coaching.de\/en\/christmas-2020-am-i-healthy\/#primaryimage\"},\"thumbnailUrl\":\"https:\/\/www.stefan-schuetz-coaching.de\/wp-content\/uploads\/2022\/08\/Blog_06.jpg\",\"datePublished\":\"2020-12-23T17:16:16+00:00\",\"dateModified\":\"2022-10-04T08:12:57+00:00\",\"author\":{\"@id\":\"https:\/\/www.stefan-schuetz-coaching.de\/en\/#\/schema\/person\/09f67f5401b3326ea5266b423271c715\"},\"breadcrumb\":{\"@id\":\"https:\/\/www.stefan-schuetz-coaching.de\/en\/christmas-2020-am-i-healthy\/#breadcrumb\"},\"inLanguage\":\"en-US\",\"potentialAction\":[{\"@type\":\"ReadAction\",\"target\":[\"https:\/\/www.stefan-schuetz-coaching.de\/en\/christmas-2020-am-i-healthy\/\"]}]},{\"@type\":\"ImageObject\",\"inLanguage\":\"en-US\",\"@id\":\"https:\/\/www.stefan-schuetz-coaching.de\/en\/christmas-2020-am-i-healthy\/#primaryimage\",\"url\":\"https:\/\/www.stefan-schuetz-coaching.de\/wp-content\/uploads\/2022\/08\/Blog_06.jpg\",\"contentUrl\":\"https:\/\/www.stefan-schuetz-coaching.de\/wp-content\/uploads\/2022\/08\/Blog_06.jpg\",\"width\":1400,\"height\":900},{\"@type\":\"BreadcrumbList\",\"@id\":\"https:\/\/www.stefan-schuetz-coaching.de\/en\/christmas-2020-am-i-healthy\/#breadcrumb\",\"itemListElement\":[{\"@type\":\"ListItem\",\"position\":1,\"name\":\"Startseite\",\"item\":\"https:\/\/www.stefan-schuetz-coaching.de\/en\/\"},{\"@type\":\"ListItem\",\"position\":2,\"name\":\"Christmas 2020: Am I healthy?\"}]},{\"@type\":\"WebSite\",\"@id\":\"https:\/\/www.stefan-schuetz-coaching.de\/en\/#website\",\"url\":\"https:\/\/www.stefan-schuetz-coaching.de\/en\/\",\"name\":\"Stefan Sch\u00fctz\",\"description\":\"Coaching &amp; Beratung\",\"potentialAction\":[{\"@type\":\"SearchAction\",\"target\":{\"@type\":\"EntryPoint\",\"urlTemplate\":\"https:\/\/www.stefan-schuetz-coaching.de\/en\/?s={search_term_string}\"},\"query-input\":{\"@type\":\"PropertyValueSpecification\",\"valueRequired\":true,\"valueName\":\"search_term_string\"}}],\"inLanguage\":\"en-US\"},{\"@type\":\"Person\",\"@id\":\"https:\/\/www.stefan-schuetz-coaching.de\/en\/#\/schema\/person\/09f67f5401b3326ea5266b423271c715\",\"name\":\"Stefan Sch\u00fctz\",\"image\":{\"@type\":\"ImageObject\",\"inLanguage\":\"en-US\",\"@id\":\"https:\/\/www.stefan-schuetz-coaching.de\/en\/#\/schema\/person\/image\/\",\"url\":\"https:\/\/secure.gravatar.com\/avatar\/a549f2e9dff25520faa7f2be4952ad9b?s=96&d=mm&r=g\",\"contentUrl\":\"https:\/\/secure.gravatar.com\/avatar\/a549f2e9dff25520faa7f2be4952ad9b?s=96&d=mm&r=g\",\"caption\":\"Stefan Sch\u00fctz\"},\"description\":\"Seit vielen Jahren unterst\u00fctze ich als Coach, Business-Coach und Berater Menschen in ihrem beruflichen und privaten Umfeld bei der Bew\u00e4ltigung der unterschiedlichsten Probleme und Herausforderungen, die das Leben mit sich bringt. Nach Hunderten von Beratungsgespr\u00e4chen und unz\u00e4hligen Seminaren und Vortr\u00e4gen habe ich einen gro\u00dfen Erfahrungsschatz erworben: Mit Hilfe von Coaching und Beratung k\u00f6nnen Schwierigkeiten, Konflikte und Probleme nahezu v\u00f6llig beseitigt werden. Es entstehen neue Handlungsoptionen, aus Zwang wird Freiheit, aus Dissonanz wird Harmonie. Meine Kunden sind Unternehmen, Institutionen, Mittelst\u00e4ndler, Kleinunternehmer, Selbstst\u00e4ndige sowie Privatleute\",\"sameAs\":[\"http:\/\/www.stefan-schuetz-coaching.de\",\"https:\/\/www.facebook.com\/stefan.schutz.520\",\"https:\/\/www.linkedin.com\/in\/stefan-sch\u00fctz-coaching\/\"]}]}<\/script>\n<!-- \/ Yoast SEO plugin. -->","yoast_head_json":{"title":"Christmas 2020: Am I healthy? | Stefan Sch\u00fctz","robots":{"index":"index","follow":"follow","max-snippet":"max-snippet:-1","max-image-preview":"max-image-preview:large","max-video-preview":"max-video-preview:-1"},"canonical":"https:\/\/www.stefan-schuetz-coaching.de\/en\/christmas-2020-am-i-healthy\/","og_locale":"en_US","og_type":"article","og_title":"Christmas 2020: Am I healthy? | Stefan Sch\u00fctz","og_description":"Dear friends, acquaintances and business partners, in view of the comprehensive lockdown in which our country once again finds itself, we will spend an unusual Christmas, and New Year's Eve will also find it very difficult ....","og_url":"https:\/\/www.stefan-schuetz-coaching.de\/en\/christmas-2020-am-i-healthy\/","og_site_name":"Stefan Sch\u00fctz","article_publisher":"https:\/\/www.facebook.com\/stefan.schutz.520","article_author":"https:\/\/www.facebook.com\/stefan.schutz.520","article_published_time":"2020-12-23T17:16:16+00:00","article_modified_time":"2022-10-04T08:12:57+00:00","og_image":[{"width":1400,"height":900,"url":"https:\/\/www.stefan-schuetz-coaching.de\/wp-content\/uploads\/2022\/08\/Blog_06.jpg","type":"image\/jpeg"}],"author":"Stefan Sch\u00fctz","twitter_card":"summary_large_image","twitter_misc":{"Written by":"Stefan Sch\u00fctz","Est. reading time":"3 minutes"},"schema":{"@context":"https:\/\/schema.org","@graph":[{"@type":"WebPage","@id":"https:\/\/www.stefan-schuetz-coaching.de\/en\/christmas-2020-am-i-healthy\/","url":"https:\/\/www.stefan-schuetz-coaching.de\/en\/christmas-2020-am-i-healthy\/","name":"Christmas 2020: Am I healthy? | Stefan Sch\u00fctz","isPartOf":{"@id":"https:\/\/www.stefan-schuetz-coaching.de\/en\/#website"},"primaryImageOfPage":{"@id":"https:\/\/www.stefan-schuetz-coaching.de\/en\/christmas-2020-am-i-healthy\/#primaryimage"},"image":{"@id":"https:\/\/www.stefan-schuetz-coaching.de\/en\/christmas-2020-am-i-healthy\/#primaryimage"},"thumbnailUrl":"https:\/\/www.stefan-schuetz-coaching.de\/wp-content\/uploads\/2022\/08\/Blog_06.jpg","datePublished":"2020-12-23T17:16:16+00:00","dateModified":"2022-10-04T08:12:57+00:00","author":{"@id":"https:\/\/www.stefan-schuetz-coaching.de\/en\/#\/schema\/person\/09f67f5401b3326ea5266b423271c715"},"breadcrumb":{"@id":"https:\/\/www.stefan-schuetz-coaching.de\/en\/christmas-2020-am-i-healthy\/#breadcrumb"},"inLanguage":"en-US","potentialAction":[{"@type":"ReadAction","target":["https:\/\/www.stefan-schuetz-coaching.de\/en\/christmas-2020-am-i-healthy\/"]}]},{"@type":"ImageObject","inLanguage":"en-US","@id":"https:\/\/www.stefan-schuetz-coaching.de\/en\/christmas-2020-am-i-healthy\/#primaryimage","url":"https:\/\/www.stefan-schuetz-coaching.de\/wp-content\/uploads\/2022\/08\/Blog_06.jpg","contentUrl":"https:\/\/www.stefan-schuetz-coaching.de\/wp-content\/uploads\/2022\/08\/Blog_06.jpg","width":1400,"height":900},{"@type":"BreadcrumbList","@id":"https:\/\/www.stefan-schuetz-coaching.de\/en\/christmas-2020-am-i-healthy\/#breadcrumb","itemListElement":[{"@type":"ListItem","position":1,"name":"Startseite","item":"https:\/\/www.stefan-schuetz-coaching.de\/en\/"},{"@type":"ListItem","position":2,"name":"Christmas 2020: Am I healthy?"}]},{"@type":"WebSite","@id":"https:\/\/www.stefan-schuetz-coaching.de\/en\/#website","url":"https:\/\/www.stefan-schuetz-coaching.de\/en\/","name":"Stefan Sch\u00fctz","description":"Coaching &amp; Beratung","potentialAction":[{"@type":"SearchAction","target":{"@type":"EntryPoint","urlTemplate":"https:\/\/www.stefan-schuetz-coaching.de\/en\/?s={search_term_string}"},"query-input":{"@type":"PropertyValueSpecification","valueRequired":true,"valueName":"search_term_string"}}],"inLanguage":"en-US"},{"@type":"Person","@id":"https:\/\/www.stefan-schuetz-coaching.de\/en\/#\/schema\/person\/09f67f5401b3326ea5266b423271c715","name":"Stefan Sch\u00fctz","image":{"@type":"ImageObject","inLanguage":"en-US","@id":"https:\/\/www.stefan-schuetz-coaching.de\/en\/#\/schema\/person\/image\/","url":"https:\/\/secure.gravatar.com\/avatar\/a549f2e9dff25520faa7f2be4952ad9b?s=96&d=mm&r=g","contentUrl":"https:\/\/secure.gravatar.com\/avatar\/a549f2e9dff25520faa7f2be4952ad9b?s=96&d=mm&r=g","caption":"Stefan Sch\u00fctz"},"description":"Seit vielen Jahren unterst\u00fctze ich als Coach, Business-Coach und Berater Menschen in ihrem beruflichen und privaten Umfeld bei der Bew\u00e4ltigung der unterschiedlichsten Probleme und Herausforderungen, die das Leben mit sich bringt. Nach Hunderten von Beratungsgespr\u00e4chen und unz\u00e4hligen Seminaren und Vortr\u00e4gen habe ich einen gro\u00dfen Erfahrungsschatz erworben: Mit Hilfe von Coaching und Beratung k\u00f6nnen Schwierigkeiten, Konflikte und Probleme nahezu v\u00f6llig beseitigt werden. Es entstehen neue Handlungsoptionen, aus Zwang wird Freiheit, aus Dissonanz wird Harmonie. Meine Kunden sind Unternehmen, Institutionen, Mittelst\u00e4ndler, Kleinunternehmer, Selbstst\u00e4ndige sowie Privatleute","sameAs":["http:\/\/www.stefan-schuetz-coaching.de","https:\/\/www.facebook.com\/stefan.schutz.520","https:\/\/www.linkedin.com\/in\/stefan-sch\u00fctz-coaching\/"]}]}},"_links":{"self":[{"href":"https:\/\/www.stefan-schuetz-coaching.de\/en\/wp-json\/wp\/v2\/posts\/1617"}],"collection":[{"href":"https:\/\/www.stefan-schuetz-coaching.de\/en\/wp-json\/wp\/v2\/posts"}],"about":[{"href":"https:\/\/www.stefan-schuetz-coaching.de\/en\/wp-json\/wp\/v2\/types\/post"}],"author":[{"embeddable":true,"href":"https:\/\/www.stefan-schuetz-coaching.de\/en\/wp-json\/wp\/v2\/users\/2"}],"replies":[{"embeddable":true,"href":"https:\/\/www.stefan-schuetz-coaching.de\/en\/wp-json\/wp\/v2\/comments?post=1617"}],"version-history":[{"count":6,"href":"https:\/\/www.stefan-schuetz-coaching.de\/en\/wp-json\/wp\/v2\/posts\/1617\/revisions"}],"predecessor-version":[{"id":1725,"href":"https:\/\/www.stefan-schuetz-coaching.de\/en\/wp-json\/wp\/v2\/posts\/1617\/revisions\/1725"}],"wp:featuredmedia":[{"embeddable":true,"href":"https:\/\/www.stefan-schuetz-coaching.de\/en\/wp-json\/wp\/v2\/media\/925"}],"wp:attachment":[{"href":"https:\/\/www.stefan-schuetz-coaching.de\/en\/wp-json\/wp\/v2\/media?parent=1617"}],"wp:term":[{"taxonomy":"category","embeddable":true,"href":"https:\/\/www.stefan-schuetz-coaching.de\/en\/wp-json\/wp\/v2\/categories?post=1617"},{"taxonomy":"post_tag","embeddable":true,"href":"https:\/\/www.stefan-schuetz-coaching.de\/en\/wp-json\/wp\/v2\/tags?post=1617"}],"curies":[{"name":"wp","href":"https:\/\/api.w.org\/{rel}","templated":true}]}}